{"id":1031,"date":"2017-02-14T17:05:01","date_gmt":"2017-02-14T16:05:01","guid":{"rendered":"http:\/\/www.f3f.fr\/portails-volets-clotures-stores\/?p=1031"},"modified":"2017-02-14T19:47:29","modified_gmt":"2017-02-14T18:47:29","slug":"portes-de-garage-basculantes-et-sectionnelles","status":"publish","type":"post","link":"https:\/\/www.f3f.fr\/portails-volets-clotures-stores\/2017\/02\/14\/portes-de-garage-basculantes-et-sectionnelles\/","title":{"rendered":"PORTES DE GARAGE BASCULANTES ET SECTIONNELLES"},"content":{"rendered":"<p class=\"p1\"><b>Un choix vari\u00e9 pour \u00e9quiper votre garage <\/b><\/p>\n<p class=\"p2\">La porte basculante \u00e0 contrepoids sans rails au plafond<span class=\"s1\">\u00a0: silencieuse, robuste, d\u2019une long\u00e9vit\u00e9 incomparable <\/span>(garantie 10 ans*)<span class=\"s1\">.<br \/>\n<\/span><span class=\"s2\">La porte sectionnelle\u00a0:<\/span> isolation, design, encombrements r\u00e9duits pendant la man\u0153uvre.<br \/>\n<span class=\"s2\">La porte battante\u00a0:<\/span> lorsque les autres portes ne trouvent pas leur place.<br \/>\nToutes nos portes sont motorisables et peuvent \u00eatre \u00e9quip\u00e9es de portillons, de hublots.<br \/>\nUn vaste choix de rev\u00eatement est \u00e0 votre disposition\u00a0: design, tradition et personnalisation.<\/p>\n<div data-sliderid=\"8322\" id=\"penci-post-gallery__8322\" class=\"penci-post-gallery-container justified column-3\" data-height=\"150\" data-margin=\"3\"><a class=\"penci-gallery-ite item-gallery-justified\" href=\"https:\/\/www.f3f.fr\/portails-volets-clotures-stores\/wp-content\/uploads\/2017\/02\/Motorise-H-.jpg\"><img decoding=\"async\" src=\"https:\/\/www.f3f.fr\/portails-volets-clotures-stores\/wp-content\/uploads\/2017\/02\/Motorise-H--585x391.jpg\" alt=\"\" title=\"Motorise-H\"><\/a><a class=\"penci-gallery-ite item-gallery-justified\" href=\"https:\/\/www.f3f.fr\/portails-volets-clotures-stores\/wp-content\/uploads\/2017\/02\/Motorisee-H.jpg\" data-cap=\"GE DIGITAL CAMERA\"><img decoding=\"async\" src=\"https:\/\/www.f3f.fr\/portails-volets-clotures-stores\/wp-content\/uploads\/2017\/02\/Motorisee-H-585x439.jpg\" alt=\"\" title=\"GE DIGITAL CAMERA\"><div class=\"caption\">GE DIGITAL CAMERA<\/div><\/a><a class=\"penci-gallery-ite item-gallery-justified\" href=\"https:\/\/www.f3f.fr\/portails-volets-clotures-stores\/wp-content\/uploads\/2017\/02\/Motorise-Panneaux-rainure-630-H.jpg\"><img decoding=\"async\" src=\"https:\/\/www.f3f.fr\/portails-volets-clotures-stores\/wp-content\/uploads\/2017\/02\/Motorise-Panneaux-rainure-630-H-585x439.jpg\" alt=\"\" title=\"Motorise-Panneaux-rainure-630-H\"><\/a><a class=\"penci-gallery-ite item-gallery-justified\" href=\"https:\/\/www.f3f.fr\/portails-volets-clotures-stores\/wp-content\/uploads\/2017\/02\/DSC00443-H.jpg\"><img decoding=\"async\" src=\"https:\/\/www.f3f.fr\/portails-volets-clotures-stores\/wp-content\/uploads\/2017\/02\/DSC00443-H-585x878.jpg\" alt=\"\" title=\"DSC00443-H\"><\/a><a class=\"penci-gallery-ite item-gallery-justified\" href=\"https:\/\/www.f3f.fr\/portails-volets-clotures-stores\/wp-content\/uploads\/2017\/02\/DSC00209-H.jpg\"><img decoding=\"async\" src=\"https:\/\/www.f3f.fr\/portails-volets-clotures-stores\/wp-content\/uploads\/2017\/02\/DSC00209-H-585x780.jpg\" alt=\"\" title=\"DSC00209-H\"><\/a><\/div>\n","protected":false},"excerpt":{"rendered":"<p>Un choix vari\u00e9 pour \u00e9quiper votre garage La porte basculante \u00e0 contrepoids sans rails au plafond\u00a0: silencieuse, robuste, d\u2019une long\u00e9vit\u00e9 incomparable (garantie 10 ans*). La porte sectionnelle\u00a0: isolation, design, encombrements&hellip;<\/p>\n","protected":false},"author":1,"featured_media":979,"comment_status":"closed","ping_status":"closed","sticky":false,"template":"","format":"standard","meta":{"content-type":"","_lmt_disableupdate":"","_lmt_disable":"","footnotes":""},"categories":[6,3],"tags":[],"class_list":["post-1031","post","type-post","status-publish","format-standard","has-post-thumbnail","hentry","category-porte-de-garage","category-produits"],"_links":{"self":[{"href":"https:\/\/www.f3f.fr\/portails-volets-clotures-stores\/wp-json\/wp\/v2\/posts\/1031","targetHints":{"allow":["GET"]}}],"collection":[{"href":"https:\/\/www.f3f.fr\/portails-volets-clotures-stores\/wp-json\/wp\/v2\/posts"}],"about":[{"href":"https:\/\/www.f3f.fr\/portails-volets-clotures-stores\/wp-json\/wp\/v2\/types\/post"}],"author":[{"embeddable":true,"href":"https:\/\/www.f3f.fr\/portails-volets-clotures-stores\/wp-json\/wp\/v2\/users\/1"}],"replies":[{"embeddable":true,"href":"https:\/\/www.f3f.fr\/portails-volets-clotures-stores\/wp-json\/wp\/v2\/comments?post=1031"}],"version-history":[{"count":3,"href":"https:\/\/www.f3f.fr\/portails-volets-clotures-stores\/wp-json\/wp\/v2\/posts\/1031\/revisions"}],"predecessor-version":[{"id":1383,"href":"https:\/\/www.f3f.fr\/portails-volets-clotures-stores\/wp-json\/wp\/v2\/posts\/1031\/revisions\/1383"}],"wp:featuredmedia":[{"embeddable":true,"href":"https:\/\/www.f3f.fr\/portails-volets-clotures-stores\/wp-json\/wp\/v2\/media\/979"}],"wp:attachment":[{"href":"https:\/\/www.f3f.fr\/portails-volets-clotures-stores\/wp-json\/wp\/v2\/media?parent=1031"}],"wp:term":[{"taxonomy":"category","embeddable":true,"href":"https:\/\/www.f3f.fr\/portails-volets-clotures-stores\/wp-json\/wp\/v2\/categories?post=1031"},{"taxonomy":"post_tag","embeddable":true,"href":"https:\/\/www.f3f.fr\/portails-volets-clotures-stores\/wp-json\/wp\/v2\/tags?post=1031"}],"curies":[{"name":"wp","href":"https:\/\/api.w.org\/{rel}","templated":true}]}}