{"id":1570,"date":"2022-02-02T16:05:45","date_gmt":"2022-02-02T15:05:45","guid":{"rendered":"https:\/\/www.f3f.fr\/portails-volets-clotures-stores\/?p=1570"},"modified":"2022-02-02T16:05:45","modified_gmt":"2022-02-02T15:05:45","slug":"porte-basculante-contepoids","status":"publish","type":"post","link":"https:\/\/www.f3f.fr\/portails-volets-clotures-stores\/2022\/02\/02\/porte-basculante-contepoids\/","title":{"rendered":"PORTE BASCULANTE CONTEPOIDS"},"content":{"rendered":"\n<p>Un syst\u00e8me exclusif qui permet une ouverture et une fermeture inimitable par l\u2019\u00e9quilibrage de 2 contrepoids invisibles, non guid\u00e9s. Il n\u2019y a pas de rails, ni de moteur au plafond ou au mur, pas de ressort donc pas d\u2019entretien laborieux.&nbsp;<\/p>\n\n\n\n<p>Deux moteurs actionnent la porte avec \u00e9clairage et bouton poussoir int\u00e9gr\u00e9&nbsp;<\/p>\n\n\n\n<p>Vous avez la possibilit\u00e9 d\u2019int\u00e9grer un portillon rigide et solide avec une poign\u00e9e \u00e0 hauteur utile.&nbsp;<\/p>\n","protected":false},"excerpt":{"rendered":"<p>Un syst\u00e8me exclusif qui permet une ouverture et une fermeture inimitable par l\u2019\u00e9quilibrage de 2 contrepoids invisibles, non guid\u00e9s. Il n\u2019y a pas de rails, ni de moteur au plafond&hellip;<\/p>\n","protected":false},"author":3,"featured_media":1572,"comment_status":"closed","ping_status":"closed","sticky":false,"template":"","format":"standard","meta":{"content-type":"","_lmt_disableupdate":"","_lmt_disable":"","footnotes":""},"categories":[1],"tags":[],"class_list":["post-1570","post","type-post","status-publish","format-standard","has-post-thumbnail","hentry","category-non-classe"],"_links":{"self":[{"href":"https:\/\/www.f3f.fr\/portails-volets-clotures-stores\/wp-json\/wp\/v2\/posts\/1570","targetHints":{"allow":["GET"]}}],"collection":[{"href":"https:\/\/www.f3f.fr\/portails-volets-clotures-stores\/wp-json\/wp\/v2\/posts"}],"about":[{"href":"https:\/\/www.f3f.fr\/portails-volets-clotures-stores\/wp-json\/wp\/v2\/types\/post"}],"author":[{"embeddable":true,"href":"https:\/\/www.f3f.fr\/portails-volets-clotures-stores\/wp-json\/wp\/v2\/users\/3"}],"replies":[{"embeddable":true,"href":"https:\/\/www.f3f.fr\/portails-volets-clotures-stores\/wp-json\/wp\/v2\/comments?post=1570"}],"version-history":[{"count":1,"href":"https:\/\/www.f3f.fr\/portails-volets-clotures-stores\/wp-json\/wp\/v2\/posts\/1570\/revisions"}],"predecessor-version":[{"id":1573,"href":"https:\/\/www.f3f.fr\/portails-volets-clotures-stores\/wp-json\/wp\/v2\/posts\/1570\/revisions\/1573"}],"wp:featuredmedia":[{"embeddable":true,"href":"https:\/\/www.f3f.fr\/portails-volets-clotures-stores\/wp-json\/wp\/v2\/media\/1572"}],"wp:attachment":[{"href":"https:\/\/www.f3f.fr\/portails-volets-clotures-stores\/wp-json\/wp\/v2\/media?parent=1570"}],"wp:term":[{"taxonomy":"category","embeddable":true,"href":"https:\/\/www.f3f.fr\/portails-volets-clotures-stores\/wp-json\/wp\/v2\/categories?post=1570"},{"taxonomy":"post_tag","embeddable":true,"href":"https:\/\/www.f3f.fr\/portails-volets-clotures-stores\/wp-json\/wp\/v2\/tags?post=1570"}],"curies":[{"name":"wp","href":"https:\/\/api.w.org\/{rel}","templated":true}]}}